{"id":4223,"date":"2024-10-03T11:24:20","date_gmt":"2024-10-03T09:24:20","guid":{"rendered":"https:\/\/areaalzheimer.fpmaragall.org\/?post_type=noticia&#038;p=4223"},"modified":"2024-10-03T13:06:21","modified_gmt":"2024-10-03T11:06:21","slug":"alzheimer-cures-basiques-i-emocionals-per-preservar-la-dignitat","status":"publish","type":"noticia","link":"https:\/\/areaalzheimer.fpmaragall.org\/ca\/noticia\/alzheimer-cures-basiques-i-emocionals-per-preservar-la-dignitat\/","title":{"rendered":"Alzheimer: cures b\u00e0siques i emocionals per preservar la dignitat"},"content":{"rendered":"\n<p>La malaltia d\u2019Alzheimer, a mesura que progressa, va augmentant la necessitat de cures de les persones afectades. Tot i que al principi la persona afectada pot continuar fent bona part de les seves<a href=\"https:\/\/blog.fpmaragall.org\/ca\/consequencies-de-lalzheimer\" target=\"_blank\" rel=\"noopener\"> <strong>activitats quotidianes<\/strong><\/a> de forma aut\u00f2noma, cal tenir en compte les seves necessitats emocionals, ja que m\u00e9s endavant necessitar\u00e0 el suport d\u2019una persona cuidadora de manera permanent. La <strong>cura i l\u2019atenci\u00f3 <\/strong>proporcionades han de preservar la seva dignitat i autoestima.<\/p>\n\n\n\n<p>En aquest article, parlarem de la q\u00fcesti\u00f3 de l\u2019<strong>Alzheimer i les cures que necessiten les persones que el pateixen <\/strong>en relaci\u00f3 amb l\u2019aspecte emocional, i proporcionem consells b\u00e0sics per facilitar les seves activitats del dia a dia i<a href=\"https:\/\/blog.fpmaragall.org\/ca\/autonomia-alzheimer\" target=\"_blank\" rel=\"noopener\"> <strong>fomentar la seva autonomia<\/strong><\/a><strong>.<\/strong><\/p>\n\n\n\n<h2 class=\"wp-block-heading\"><\/h2>\n\n\n\n<h2 class=\"wp-block-heading\">Alzheimer i cures emocionals<\/h2>\n\n\n\n<p>Quan cuidem una persona amb Alzheimer ho hem de fer <strong>des de la dignitat i tenint en compte les seves necessitats emocionals.&nbsp;<\/strong><\/p>\n\n\n\n<p>Tal com expliquem, la teoria de la<a href=\"https:\/\/blog.fpmaragall.org\/teoria-retrogenesis-alzheimer?hsLang=es\" target=\"_blank\" rel=\"noopener\"> retrog\u00e8nesi<\/a> postula que l\u2019Alzheimer produeix una p\u00e8rdua de funcions i capacitats en l\u2019ordre invers a com s\u2019adquireixen durant el desenvolupament. Aquesta teoria ha significat una base important des de la qual <strong>entendre les necessitats de cures de les persones que el pateixen.&nbsp;<\/strong><\/p>\n\n\n\n<p>El Dr. Barry Reisberg i els seus col\u00b7laboradors, durant d\u00e8cades, han anat esgranant diferents aspectes d\u2019aquesta teoria. Per exemple, han desenvolupat una \u201c<strong>ci\u00e8ncia de la cura<\/strong>\u201d exposada detalladament en un<a href=\"https:\/\/journals.sagepub.com\/doi\/abs\/10.1177\/153331750201700411\" target=\"_blank\" rel=\"noopener\"> <strong>article cient\u00edfic<\/strong><\/a> i, com \u00e9s habitual en ci\u00e8ncia, amb <strong>axiomes, postulats i limitacions<\/strong>.&nbsp;<\/p>\n\n\n\n<p>En aquest cas, er <strong>axiomes<\/strong> entenem <strong>els desitjos i les necessitats b\u00e0siques <\/strong>que tothom necessita tenir coberts i que s\u00f3n aplicables a qualsevol edat. A continuaci\u00f3, revisem els axiomes proposats en aquest article.&nbsp;<\/p>\n\n\n\n<h3 class=\"wp-block-heading\">Tots els \u00e9ssers humans eviten el trauma i la humiliaci\u00f3&nbsp;<\/h3>\n\n\n\n<p>Les persones amb Alzheimer, en qualsevol <strong>fase de la malaltia<\/strong>, <strong>eviten o es rebel\u00b7len contra les experi\u00e8ncies que perceben com a humiliants,<\/strong> com per exemple tenir la sensaci\u00f3 de semblar negats o de \u201cno assabentar-se de res\u201d.<\/p>\n\n\n\n<p>Per aquest motiu, des del principi de la malaltia, procuren evitar ser q\u00fcestionats o, m\u00e9s endavant, poden resistir-se a la figura de la<a href=\"https:\/\/blog.fpmaragall.org\/ca\/consells-perque-el-cuidador-duna-persona-amb-alzheimer-aprengui-a-cuidar-se\" target=\"_blank\" rel=\"noopener\"> <strong>persona cuidadora<\/strong><\/a>. En alguns casos, una explicaci\u00f3 plausible a la<a href=\"https:\/\/blog.fpmaragall.org\/ca\/deliris-alzheimer\" target=\"_blank\" rel=\"noopener\"> <strong>idea que li roben<\/strong><\/a> coses, pugui ser una<strong> resist\u00e8ncia a recon\u00e8ixer que no recorden on les han deixat.&nbsp;<\/strong><\/p>\n\n\n\n<h3 class=\"wp-block-heading\">Tots els \u00e9ssers humans busquen un sentit de realitzaci\u00f3<\/h3>\n\n\n\n<p>En fases inicials de la dem\u00e8ncia (<a href=\"https:\/\/blog.fpmaragall.org\/ca\/escales-fast-i-gds\" target=\"_blank\" rel=\"noopener\"><strong>GDS i FAST<\/strong><\/a> 4), aquest sentit de realitzaci\u00f3 el pot proveir el fet de continuar sent productius o tenir la sensaci\u00f3 de ser-ho. Per exemple, un artista continuant pintant, o un advocat fent veure que continua portant casos.<\/p>\n\n\n\n<p>En<a href=\"https:\/\/blog.fpmaragall.org\/ca\/alzheimer-avan%C3%A7at\" target=\"_blank\" rel=\"noopener\"> <strong>fases m\u00e9s avan\u00e7ades<\/strong><\/a>, activitats com per exemple parar taula o doblegar roba poden ajudar a configurar aquesta necessitat de realitzaci\u00f3. \u00c9s important <strong>deixar-los realitzar activitats amb sentit adaptades al que poden fer en cada moment.&nbsp;<\/strong><\/p>\n\n\n\n<h3 class=\"wp-block-heading\">Tots els \u00e9ssers humans busquen la dignitat i l\u2019autoestima<\/h3>\n\n\n\n<p>La dignitat i l\u2019autoestima es poden potenciar amb <strong>la pr\u00e0ctica d\u2019habilitats que la persona ha dominat sempre<\/strong> i que encara \u00e9s capa\u00e7 de posar en pr\u00e0ctica. Tamb\u00e9 les potencia el fet de participar en <strong>activitats pr\u00f2pies d\u2019adults.<\/strong><\/p>\n\n\n\n<p><strong>Si la persona amb Alzheimer percep una activitat com a infantil, probablement senti que s\u2019atempta contra la seva dignitat,<\/strong> s\u2019enfadi i no vulgui participar. No existeixen activitats apropiades o inapropiades nom\u00e9s per la seva tipologia, sin\u00f3 per la manera com les percep la persona.&nbsp;<\/p>\n\n\n\n<h3 class=\"wp-block-heading\">Tots els \u00e9ssers humans s\u00f3n organismes socials<\/h3>\n\n\n\n<p>Les<a href=\"https:\/\/blog.fpmaragall.org\/ca\/cultivar-relacions-socials\" target=\"_blank\" rel=\"noopener\"> <strong>necessitats socials<\/strong><\/a> de les persones amb Alzheimer romanen fins al final. Fins i tot en les<a href=\"https:\/\/blog.fpmaragall.org\/ca\/alzheimer-avan%C3%A7at\" target=\"_blank\" rel=\"noopener\"> <strong>fases avan\u00e7ades<\/strong><\/a> continuen requerint, per al seu benestar, <strong>interacci\u00f3 amb les persones properes.&nbsp;<\/strong><\/p>\n\n\n\n<h3 class=\"wp-block-heading\">Tots els \u00e9ssers humans busquen reconeixement i acceptaci\u00f3<\/h3>\n\n\n\n<p>Les persones amb Alzheimer continuen necessitant, al llarg de tot el proc\u00e9s de la malaltia, un refor\u00e7 social positiu per <strong>mantenir la seva motivaci\u00f3 i habilitats.<\/strong>&nbsp;<\/p>\n\n\n\n<h3 class=\"wp-block-heading\">Tots els \u00e9ssers humans tenen la capacitat d\u2019aprendre<\/h3>\n\n\n\n<p><strong>Les persones amb Alzheimer poden ser reentrenades en moltes habilitats deteriorades <\/strong>fragmentant les tasques en petits passos, reconeixent els seus progressos i animant-les per cada aconseguiment.&nbsp;<\/p>\n\n\n\n<h3 class=\"wp-block-heading\">Tots els \u00e9ssers humans necessiten amor<\/h3>\n\n\n\n<p><strong>L\u2019amor i l\u2019afecte<\/strong> s\u00f3n fonamentals per a la salut f\u00edsica i emocional de les persones amb Alzheimer al llarg de tot el proc\u00e9s de la malaltia.<\/p>\n\n\n\n<h3 class=\"wp-block-heading\">Tots els \u00e9ssers humans tenen la capacitat de sentir-se feli\u00e7os si tenen cobertes les necessitats b\u00e0siques<\/h3>\n\n\n\n<p>L\u2019Alzheimer \u00e9s un proc\u00e9s fisiol\u00f2gicament congruent i, com a tal, si la persona afectada rep una atenci\u00f3 adequada i les seves necessitats b\u00e0siques, socials i emocionals estan cobertes, <strong>\u00e9s probable que se senti feli\u00e7 o satisfet amb la seva exist\u00e8ncia.<\/strong>&nbsp;<\/p>\n\n\n\n<h3 class=\"wp-block-heading\">Tots els \u00e9ssers humans necessiten moviment f\u00edsic<\/h3>\n\n\n\n<p>\u00c9s fonamental, per\u00f2 fins fa poc s\u2019acostumava a subestimar en l\u2019atenci\u00f3 a persones amb<a href=\"https:\/\/blog.fpmaragall.org\/ca\/diferencies-alzheimer-i-demencia\" target=\"_blank\" rel=\"noopener\"> <strong>dem\u00e8ncia<\/strong><\/a>, particularment a partir de determinada gravetat, per exemple, amb la pr\u00e0ctica (actualment totalment desaconsellada) d\u2019emprar mitjans de restricci\u00f3 del moviment, ja siguin f\u00edsics (\u00e9s a dir, lligant-les o altres mitjans de restricci\u00f3 del moviment) per evitar caigudes o qu\u00edmics (\u00fas abusiu d\u2019alguns medicaments per minimitzar determinades accions). Aix\u00f2 <strong>augmenta la<\/strong> <strong>p\u00e8rdua de la funci\u00f3 motora <\/strong>i, per tant, incrementa encara m\u00e9s el risc de caure.<\/p>\n\n\n\n<h3 class=\"wp-block-heading\">Tots els \u00e9ssers humans tenen la capacitat de recordar<\/h3>\n\n\n\n<p>Sovint, aix\u00f2 no \u00e9s reconegut en el cas de l\u2019Alzheimer en fases avan\u00e7ades (GDS i FAST 7). Si ens ubiquem en aquests casos, en <strong>l\u2019edat de desenvolupament equivalent en aquest punt de la malaltia,<\/strong> la q\u00fcesti\u00f3 s\u2019ent\u00e9n millor.&nbsp;<\/p>\n\n\n\n<p>Igual que un nen d\u2019un any oblidar\u00e0 les persones i els successos molt r\u00e0pidament, una persona amb Alzheimer avan\u00e7at tamb\u00e9 ho far\u00e0 si es compara amb un adult sa. Ara b\u00e9, <strong>les<\/strong><a href=\"https:\/\/blog.fpmaragall.org\/ca\/com-afecta-lalzheimer-a-la-memoria\" target=\"_blank\" rel=\"noopener\"><strong> mem\u00f2ries<\/strong><\/a><strong> amb impacte emocional es retindran amb for\u00e7a i les emocions vinculades amb elles es mostraran m\u00e9s f\u00e0cilment. <\/strong>&nbsp;<\/p>\n\n\n\n<h3 class=\"wp-block-heading\">Tots els \u00e9ssers humans tenen la capacitat de pensar&nbsp;<\/h3>\n\n\n\n<p>Sense ser plenament conscient de l\u2019impacte que pot tenir, a vegades interactuem amb la persona amb Alzheimer de forma descuidada, <strong>creient que, com amb prou feines parla, no ent\u00e9n.<\/strong> \u00c9s f\u00e0cil, doncs, que la persona es mostri agitada en resposta a comentaris amb poca<a href=\"https:\/\/blog.fpmaragall.org\/ca\/empatia\" target=\"_blank\" rel=\"noopener\"> <strong>empatia<\/strong><\/a>.&nbsp;<\/p>\n\n\n\n<h3 class=\"wp-block-heading\">Tots els \u00e9ssers humans pretenen influir en el seu entorn<\/h3>\n\n\n\n<p>Per exemple, si no entenem una persona amb Alzheimer en fase avan\u00e7ada perqu\u00e8 t\u00e9 el<a href=\"https:\/\/blog.fpmaragall.org\/ca\/afasia-del-llenguatge\" target=\"_blank\" rel=\"noopener\"> <strong>llenguatge<\/strong><\/a> molt alterat, i no ens esforcem per entendre-la,<strong> pot mostrar-se agitada perqu\u00e8 no \u201cli fem cas\u201d.&nbsp;<\/strong><\/p>\n\n\n\n<h3 class=\"wp-block-heading\">Tots els \u00e9ssers humans tenen sentit del \u201cgust\u201d&nbsp;<\/h3>\n\n\n\n<p>La persona amb Alzheimer, l\u00f2gicament, tamb\u00e9 t\u00e9 les seves prefer\u00e8ncies, que expressar\u00e0 i poden ser interpretades en qualsevol fase de la malaltia, tot i que de vegades no s\u00f3n reconegudes.&nbsp;<\/p>\n\n\n\n<p>&nbsp;Per exemple, amb la voluntat d\u2019evitar conseq\u00fc\u00e8ncies pitjors si es perd\u00e9s, li podem posar <strong>una polsera identificativa, pr\u00e0ctica, per\u00f2 antiest\u00e8tica, <\/strong>pensant que \u201ctant li ser\u00e0\u201d i, conseq\u00fcentment, pot mostrar-se negativa i irritada. <strong>Probablement, sent que no s\u2019est\u00e0 tenint en compte el seu sentit est\u00e8tic ni la seva imatge. <\/strong>Haur\u00edem de buscar altres opcions que compleixin la seva comesa i evitin aquest desassossec.<\/p>\n\n\n\n<h2 class=\"wp-block-heading\">Alzheimer i cures b\u00e0siques<\/h2>\n\n\n\n<p>Els seg\u00fcents consells per portar a terme les activitats del dia a dia poden<a href=\"https:\/\/blog.fpmaragall.org\/ca\/activitats-de-la-vida-diaria\" target=\"_blank\" rel=\"noopener\"> <strong>facilitar l\u2019atenci\u00f3 i cures<\/strong><\/a> de la persona amb Alzheimer,<a href=\"https:\/\/blog.fpmaragall.org\/ca\/autonomia-alzheimer\" target=\"_blank\" rel=\"noopener\"> <strong>fomentar la seva autonomia<\/strong><\/a> i resoldre alguns conflictes que poden originar-se davant determinades <strong>situacions quotidianes<\/strong>.<\/p>\n\n\n\n<h3 class=\"wp-block-heading\">&nbsp;Vestir-se i organitzar roba i complements<\/h3>\n\n\n\n<ul class=\"wp-block-list\">\n<li>Suggerim <strong>simplificar el contingut d\u2019armaris i calaixos<\/strong>, limitant les opcions entre les quals la persona afectada pot triar.\u00a0<\/li>\n\n\n\n<li>Tamb\u00e9 proposem <strong>posar etiquetes en els calaixos i armaris<\/strong>, amb imatges del seu contingut.<\/li>\n\n\n\n<li>\u00c9s aconsellable utilitzar <strong>peces de vestir f\u00e0cils de posar<\/strong>, amb velcro o cintures el\u00e0stiques, i sabates c\u00f2modes que no rellisquin.\u00a0<\/li>\n\n\n\n<li>A l\u2019hora de vestir-se, <strong>podem disposar la roba a sobre del llit <\/strong>i en l\u2019ordre en qu\u00e8 s\u2019hagi de posar cada pe\u00e7a.<\/li>\n<\/ul>\n\n\n\n<h3 class=\"wp-block-heading\">Planificar les hores dels \u00e0pats<\/h3>\n\n\n\n<p><strong>Seure a taula pot ser una font de tensi\u00f3 tant per a la persona cuidadora com per a la persona malalta d\u2019Alzheimer.<\/strong> Ja sigui per una q\u00fcesti\u00f3 de p\u00e8rdua de maneres, per<a href=\"https:\/\/blog.fpmaragall.org\/ca\/perdua-de-gana\" target=\"_blank\" rel=\"noopener\"><strong> canvis en l\u2019apetit<\/strong><\/a> o per la dificultat a l\u2019hora de fer servir els coberts.<\/p>\n\n\n\n<p>Just abans de comen\u00e7ar, pot ser \u00fatil<a href=\"https:\/\/blog.fpmaragall.org\/ca\/com-tractar-a-un-malalt-dalzheimer-la-comunicacio\" target=\"_blank\" rel=\"noopener\"> <strong>explicar a la persona amb Alzheimer<\/strong><\/a><strong> qu\u00e8 \u00e9s el que<\/strong><a href=\"https:\/\/blog.fpmaragall.org\/ca\/nutricio-persona-azheimer\" target=\"_blank\" rel=\"noopener\"><strong> menjarem<\/strong><\/a><strong>. <\/strong>D\u2019aquesta manera, se li genera una expectativa i se li orienta en la situaci\u00f3.<\/p>\n\n\n\n<p><strong>Altres consells clau per a aquest moment s\u00f3n:<\/strong><\/p>\n\n\n\n<ul class=\"wp-block-list\">\n<li>Servir els plats d\u2019un en un per evitar confusions.\u00a0<\/li>\n\n\n\n<li>Considerar la p\u00e8rdua de bones maneres. Poden ocasionar-les les dificultats per recon\u00e8ixer els objectes i el seu \u00fas, o problemes de conducta.\u00a0<\/li>\n\n\n\n<li>Servir la carn tallada i deixar nom\u00e9s la forquilla.\u00a0<\/li>\n\n\n\n<li>Si hi ha m\u00e9s comensals, \u00e9s recomanable comunicar els antecedents de la situaci\u00f3 de la persona amb Alzheimer.<\/li>\n<\/ul>\n\n\n\n<p>A m\u00e9s, <strong>cal procurar que els horaris siguin regulars i fer que la persona participi en els preparatius<\/strong> en la mesura que sigui possible: col\u00b7laborar a l\u2019hora de parar taula, rentar els plats, etc.&nbsp;<\/p>\n\n\n\n<h3 class=\"wp-block-heading\">La higiene personal i l\u2019\u00fas del lavabo<\/h3>\n\n\n\n<p>La persona afectada pot presentar oposici\u00f3 o<a href=\"https:\/\/blog.fpmaragall.org\/ca\/gestionar-irritabilitat\" target=\"_blank\" rel=\"noopener\"> <strong>irritabilitat<\/strong><\/a> davant la supervisi\u00f3 o l\u2019ajuda a l\u2019hora de la higiene personal o l\u2019\u00fas del lavabo. Cal tenir en compte que es tracta d\u2019un \u00e0mbit molt \u00edntim i, per tant, es pot entendre la possible oposici\u00f3.<\/p>\n\n\n\n<ul class=\"wp-block-list\">\n<li>Si es mostra inc\u00f2moda, cal procurar posar <strong>mitjans per intentar respectar la seva intimitat<\/strong>. Podem emprar un banyador durant la dutxa, indicar-li que es renti les parts \u00edntimes o tenir un barn\u00fas a m\u00e0 per cobrir-la de seguida.\u00a0<\/li>\n\n\n\n<li>Tamb\u00e9 \u00e9s recomanable comptar amb elements que facilitin les tasques i les facin m\u00e9s segures, com per exemple estoretes antilliscants, agafadors, cadires de bany, limitadors de temperatura, etc.<\/li>\n<\/ul>\n\n\n\n<ul class=\"wp-block-list\">\n<li>Per minimitzar la confusi\u00f3, podem explicar-li breument el que farem a continuaci\u00f3. Per exemple: \u201cAra et passar\u00e9 l\u2019esponja per aqu\u00ed sota perqu\u00e8 quedis ben endre\u00e7ada\u201d o \u201cNecessito que et quedis molt quiet: t\u2019afaitar\u00e9 (o et tallar\u00e9 les ungles) i no vull fer-te mal\u201d.<\/li>\n\n\n\n<li>Amb el<a href=\"https:\/\/blog.fpmaragall.org\/ca\/les-fases-de-la-malaltia-dalzheimer\" target=\"_blank\" rel=\"noopener\"> <strong>progr\u00e9s de la malaltia<\/strong><\/a>, \u00e9s aconsellable recordar-li peri\u00f2dicament (cada 2 o 3 hores) la necessitat d\u2019anar al lavabo, ja que pot postergar l\u2019aparici\u00f3 de la incontin\u00e8ncia. Quan aquesta aparegui, s\u2019haur\u00e0 d\u2019extremar encara m\u00e9s la higiene i emprar les mesures adequades per garantir i preservar la seva dignitat.<\/li>\n<\/ul>\n\n\n\n<h3 class=\"wp-block-heading\">El descans nocturn<\/h3>\n\n\n\n<p>Tant per a la persona amb Alzheimer com per a la persona cuidadora, \u00e9s fonamental que <strong>el<\/strong><a href=\"https:\/\/blog.fpmaragall.org\/ca\/alzheimer-i-son\" target=\"_blank\" rel=\"noopener\"><strong> son<\/strong><\/a><strong> sigui reparador i que les hores nocturnes siguin segures i confortables<\/strong>. Per aix\u00f2 \u00e9s recomanable evitar que la persona afectada dormi excessivament durant el dia. Una petita migdiada de 30 o 40 minuts li pot anar b\u00e9, per\u00f2 cal evitar les becaines freq\u00fcents durant el dia o les migdiades llargues, ja que poden alterar el son nocturn.<\/p>\n\n\n\n<p>Amb l\u2019edat, les necessitats i la qualitat del son varien. Generalment, <strong>unes 6 o 8 hores s\u00f3n suficients<\/strong>. Per tant, no \u00e9s convenient que la persona amb Alzheimer se\u2019n vagi a dormir massa d\u2019hora, pel fet que a la matinada podria despertar-se i llevar-se.<\/p>\n\n\n\n<p>Per afavorir la tranquil\u00b7litat de la persona cuidadora es pot valorar, sempre que no generi incomoditat ni oposici\u00f3 en la persona amb Alzheimer, <strong>posar baranes al llit de la persona amb la malaltia<\/strong> per dissuadir-la de llevar-se bruscament o evitar que caigui. Cal assegurar-se tamb\u00e9 que les portes i finestres quedin ben tancades i que la persona no les pugui obrir f\u00e0cilment.<\/p>\n\n\n\n<p>L\u2019<strong>Alzheimer i les cures <\/strong>que requereixen les persones afectades per aquesta malaltia s\u2019han d\u2019observar des d\u2019una perspectiva perqu\u00e8 tant aquestes com les persones que les cuiden tinguin una millor qualitat de vida i<a href=\"https:\/\/blog.fpmaragall.org\/ca\/actitud-positiva\" target=\"_blank\" rel=\"noopener\"> <strong>benestar<\/strong><\/a> emocional. En aix\u00f2, juguen tamb\u00e9 un rol clau el <strong>suport emocional i familiar<\/strong>, el consell dels professionals de la salut i l\u2019acc\u00e9s als<a href=\"https:\/\/blog.fpmaragall.org\/ca\/recursos-socials-per-a-persones-amb-alzheimer-i-familiars\" target=\"_blank\" rel=\"noopener\"> <strong>recursos socials<\/strong><\/a>.<\/p>\n","protected":false},"featured_media":1983,"parent":0,"template":"","categoria-noticia":[177],"etiqueta":[132,140,156,276,162,172],"class_list":["post-4223","noticia","type-noticia","status-publish","has-post-thumbnail","hentry","categoria-noticia-alzheimer-i-cures","etiqueta-autonomia-2","etiqueta-cures","etiqueta-fases-de-la-malaltia","etiqueta-habits-de-vida-saludables-ca","etiqueta-pautes-i-recomanacions","etiqueta-simptomatologia"],"acf":[],"_links":{"self":[{"href":"https:\/\/areaalzheimer.fpmaragall.org\/ca\/wp-json\/wp\/v2\/noticia\/4223","targetHints":{"allow":["GET"]}}],"collection":[{"href":"https:\/\/areaalzheimer.fpmaragall.org\/ca\/wp-json\/wp\/v2\/noticia"}],"about":[{"href":"https:\/\/areaalzheimer.fpmaragall.org\/ca\/wp-json\/wp\/v2\/types\/noticia"}],"version-history":[{"count":0,"href":"https:\/\/areaalzheimer.fpmaragall.org\/ca\/wp-json\/wp\/v2\/noticia\/4223\/revisions"}],"wp:featuredmedia":[{"embeddable":true,"href":"https:\/\/areaalzheimer.fpmaragall.org\/ca\/wp-json\/wp\/v2\/media\/1983"}],"wp:attachment":[{"href":"https:\/\/areaalzheimer.fpmaragall.org\/ca\/wp-json\/wp\/v2\/media?parent=4223"}],"wp:term":[{"taxonomy":"categoria-noticia","embeddable":true,"href":"https:\/\/areaalzheimer.fpmaragall.org\/ca\/wp-json\/wp\/v2\/categoria-noticia?post=4223"},{"taxonomy":"etiqueta","embeddable":true,"href":"https:\/\/areaalzheimer.fpmaragall.org\/ca\/wp-json\/wp\/v2\/etiqueta?post=4223"}],"curies":[{"name":"wp","href":"https:\/\/api.w.org\/{rel}","templated":true}]}}