{"id":4592,"date":"2024-10-17T09:00:25","date_gmt":"2024-10-17T07:00:25","guid":{"rendered":"https:\/\/areaalzheimer.fpmaragall.org\/?post_type=noticia&#038;p=4592"},"modified":"2024-10-17T09:00:25","modified_gmt":"2024-10-17T07:00:25","slug":"arees-datencio-professional-en-relacio-amb-la-malaltia-dalzheimer","status":"publish","type":"noticia","link":"https:\/\/areaalzheimer.fpmaragall.org\/ca\/noticia\/arees-datencio-professional-en-relacio-amb-la-malaltia-dalzheimer\/","title":{"rendered":"\u00c0rees d&#8217;atenci\u00f3 professional en relaci\u00f3 amb la malaltia d&#8217;Alzheimer"},"content":{"rendered":"\n<div data-client-id=\"5c8d84903dc84c84b1fcd21977f370df\" id=\"pdf-1\" class=\"wp-block-tropicalista-pdfembed\" style=\"height:500px\" data-api-key=\"\" data-file-name=\"06_Infografia_-_Mapa_de_professionals_en_el_area_de_Alzheimer_\" data-media-url=\"https:\/\/areaalzheimer.fpmaragall.org\/wp-content\/uploads\/06_Infografia_-_Mapa_de_professionals_en_el_area_de_Alzheimer_-1.pdf\" data-embed-mode=\"IN_LINE\" data-show-download-pdf=\"true\" data-show-print-pdf=\"true\" data-show-full-screen=\"true\" data-default-view-mode=\"FIT_PAGE\"><\/div>\n","protected":false},"featured_media":4900,"parent":0,"template":"","categoria-noticia":[209,208],"etiqueta":[297],"class_list":["post-4592","noticia","type-noticia","status-publish","has-post-thumbnail","hentry","categoria-noticia-recursos-ca","categoria-noticia-altres-continguts","etiqueta-infografia-3"],"acf":[],"_links":{"self":[{"href":"https:\/\/areaalzheimer.fpmaragall.org\/ca\/wp-json\/wp\/v2\/noticia\/4592","targetHints":{"allow":["GET"]}}],"collection":[{"href":"https:\/\/areaalzheimer.fpmaragall.org\/ca\/wp-json\/wp\/v2\/noticia"}],"about":[{"href":"https:\/\/areaalzheimer.fpmaragall.org\/ca\/wp-json\/wp\/v2\/types\/noticia"}],"version-history":[{"count":3,"href":"https:\/\/areaalzheimer.fpmaragall.org\/ca\/wp-json\/wp\/v2\/noticia\/4592\/revisions"}],"predecessor-version":[{"id":5760,"href":"https:\/\/areaalzheimer.fpmaragall.org\/ca\/wp-json\/wp\/v2\/noticia\/4592\/revisions\/5760"}],"wp:featuredmedia":[{"embeddable":true,"href":"https:\/\/areaalzheimer.fpmaragall.org\/ca\/wp-json\/wp\/v2\/media\/4900"}],"wp:attachment":[{"href":"https:\/\/areaalzheimer.fpmaragall.org\/ca\/wp-json\/wp\/v2\/media?parent=4592"}],"wp:term":[{"taxonomy":"categoria-noticia","embeddable":true,"href":"https:\/\/areaalzheimer.fpmaragall.org\/ca\/wp-json\/wp\/v2\/categoria-noticia?post=4592"},{"taxonomy":"etiqueta","embeddable":true,"href":"https:\/\/areaalzheimer.fpmaragall.org\/ca\/wp-json\/wp\/v2\/etiqueta?post=4592"}],"curies":[{"name":"wp","href":"https:\/\/api.w.org\/{rel}","templated":true}]}}