{"id":5084,"date":"2024-11-04T15:20:44","date_gmt":"2024-11-04T14:20:44","guid":{"rendered":"https:\/\/areaalzheimer.fpmaragall.org\/?post_type=noticia&#038;p=5084"},"modified":"2025-02-17T09:31:14","modified_gmt":"2025-02-17T08:31:14","slug":"guia-per-a-persones-que-cuiden-un-familiar-amb-alzheimer","status":"publish","type":"noticia","link":"https:\/\/areaalzheimer.fpmaragall.org\/ca\/noticia\/guia-per-a-persones-que-cuiden-un-familiar-amb-alzheimer\/","title":{"rendered":"Guia per a persones que cuiden un familiar amb Alzheimer"},"content":{"rendered":"\n<iframe loading=\"lazy\" src=\"https:\/\/areaalzheimer.fpmaragall.org\/wp-content\/uploads\/stories\/guia-personas-cuidan-familiares-cat\/story.html\" width=\"100%\" height=\"600\" style=\"border:none;\"><\/iframe>\n\n\n\n<p>Guia per compartir informaci\u00f3 rigorosa amb l&#8217;objectiu de facilitar a les fam\u00edlies una major comprensi\u00f3 del proc\u00e9s de la malaltia d&#8217;Alzheimer i conscienciar sobre la import\u00e0ncia de l&#8217;autocura com a element que afavoreix el benestar i la qualitat de vida de qui cuida.<\/p>\n","protected":false},"featured_media":5538,"parent":0,"template":"","categoria-noticia":[177],"etiqueta":[],"class_list":["post-5084","noticia","type-noticia","status-publish","has-post-thumbnail","hentry","categoria-noticia-alzheimer-i-cures"],"acf":[],"_links":{"self":[{"href":"https:\/\/areaalzheimer.fpmaragall.org\/ca\/wp-json\/wp\/v2\/noticia\/5084","targetHints":{"allow":["GET"]}}],"collection":[{"href":"https:\/\/areaalzheimer.fpmaragall.org\/ca\/wp-json\/wp\/v2\/noticia"}],"about":[{"href":"https:\/\/areaalzheimer.fpmaragall.org\/ca\/wp-json\/wp\/v2\/types\/noticia"}],"version-history":[{"count":4,"href":"https:\/\/areaalzheimer.fpmaragall.org\/ca\/wp-json\/wp\/v2\/noticia\/5084\/revisions"}],"predecessor-version":[{"id":5543,"href":"https:\/\/areaalzheimer.fpmaragall.org\/ca\/wp-json\/wp\/v2\/noticia\/5084\/revisions\/5543"}],"wp:featuredmedia":[{"embeddable":true,"href":"https:\/\/areaalzheimer.fpmaragall.org\/ca\/wp-json\/wp\/v2\/media\/5538"}],"wp:attachment":[{"href":"https:\/\/areaalzheimer.fpmaragall.org\/ca\/wp-json\/wp\/v2\/media?parent=5084"}],"wp:term":[{"taxonomy":"categoria-noticia","embeddable":true,"href":"https:\/\/areaalzheimer.fpmaragall.org\/ca\/wp-json\/wp\/v2\/categoria-noticia?post=5084"},{"taxonomy":"etiqueta","embeddable":true,"href":"https:\/\/areaalzheimer.fpmaragall.org\/ca\/wp-json\/wp\/v2\/etiqueta?post=5084"}],"curies":[{"name":"wp","href":"https:\/\/api.w.org\/{rel}","templated":true}]}}