{"id":5876,"date":"2025-10-10T11:38:28","date_gmt":"2025-10-10T09:38:28","guid":{"rendered":"https:\/\/areaalzheimer.fpmaragall.org\/?post_type=noticia&#038;p=5876"},"modified":"2026-01-22T11:14:07","modified_gmt":"2026-01-22T10:14:07","slug":"preguntes-repetitives-simptomes-conductuals-en-lalzheimer","status":"publish","type":"noticia","link":"https:\/\/areaalzheimer.fpmaragall.org\/ca\/noticia\/preguntes-repetitives-simptomes-conductuals-en-lalzheimer\/","title":{"rendered":"Preguntes repetitives: S\u00edmptomes conductuals en l&#8217;Alzheimer"},"content":{"rendered":"\n<h2 class=\"wp-block-heading\">Qu\u00e8 s\u00f3n els s\u00edmptomes i quins tipus hi ha?<\/h2>\n\n\n\n<div class=\"wp-block-media-text is-stacked-on-mobile\"><figure class=\"wp-block-media-text__media\"><img loading=\"lazy\" decoding=\"async\" width=\"1024\" height=\"553\" src=\"https:\/\/areaalzheimer.fpmaragall.org\/wp-content\/uploads\/miniatures-videosSIMPTOMES-CAT_ConductesRepetitives-1-1024x553.png\" alt=\"\" class=\"wp-image-6080 size-full\" srcset=\"https:\/\/areaalzheimer.fpmaragall.org\/wp-content\/uploads\/miniatures-videosSIMPTOMES-CAT_ConductesRepetitives-1-1024x553.png 1024w, https:\/\/areaalzheimer.fpmaragall.org\/wp-content\/uploads\/miniatures-videosSIMPTOMES-CAT_ConductesRepetitives-1-300x162.png 300w, https:\/\/areaalzheimer.fpmaragall.org\/wp-content\/uploads\/miniatures-videosSIMPTOMES-CAT_ConductesRepetitives-1-768x414.png 768w, https:\/\/areaalzheimer.fpmaragall.org\/wp-content\/uploads\/miniatures-videosSIMPTOMES-CAT_ConductesRepetitives-1-1536x829.png 1536w, https:\/\/areaalzheimer.fpmaragall.org\/wp-content\/uploads\/miniatures-videosSIMPTOMES-CAT_ConductesRepetitives-1-600x324.png 600w, https:\/\/areaalzheimer.fpmaragall.org\/wp-content\/uploads\/miniatures-videosSIMPTOMES-CAT_ConductesRepetitives-1-624x337.png 624w, https:\/\/areaalzheimer.fpmaragall.org\/wp-content\/uploads\/miniatures-videosSIMPTOMES-CAT_ConductesRepetitives-1.png 1603w\" sizes=\"auto, (max-width: 1024px) 100vw, 1024px\" \/><\/figure><div class=\"wp-block-media-text__content\">\n<p><mark style=\"background-color:rgba(0, 0, 0, 0)\" class=\"has-inline-color has-black-on-white-color\">La malaltia d&#8217;Alzheimer comporta una varietat de s\u00edmptomes que no nom\u00e9s s&#8217;emmarquen a l&#8217;esfera cognitiva (com poden ser les p\u00e8rdues de mem\u00f2ria, la dificultat per mantenir l&#8217;atenci\u00f3 o per trobar determinades paraules en parlar), sin\u00f3 que tamb\u00e9 poden apar\u00e8ixer comportaments o canvis efectius i d&#8217;humor que no sempre s\u00f3n f\u00e0cils de comprendre o manejar i poden interferir en la realitzaci\u00f3 fluida de les activitats quotidianes.<\/mark><\/p>\n\n\n\n<p><mark style=\"background-color:rgba(0, 0, 0, 0)\" class=\"has-inline-color has-black-on-white-color\">Els s\u00edmptomes conductuals es refereixen a alteracions o canvis en el comportament que s\u00f3n f\u00e0cilment observables i que poden tenir un impacte significatiu a la vida di\u00e0ria.<\/mark><\/p>\n<\/div><\/div>\n\n\n\n<hr class=\"wp-block-separator has-alpha-channel-opacity\"\/>\n\n\n\n<p class=\"has-medium-font-size\"><mark style=\"background-color:rgba(0, 0, 0, 0)\" class=\"has-inline-color has-black-on-white-color\">A causa del deteriorament cognitiu progressiu, \u00e9s possible que la persona amb Alzheimer repeteixi una mateixa pregunta o una acci\u00f3 de manera continuada. Aquesta <strong>repetici\u00f3 de preguntes o conductes<\/strong> no \u00e9s deguda a una manca d&#8217;informaci\u00f3 o a alguna obsessi\u00f3, sin\u00f3 que, per l&#8217;afectaci\u00f3 de la mem\u00f2ria, no se&#8217;n recorda d&#8217;haver realitzat la pregunta o l&#8217;acci\u00f3 i, per tant, la torna a fer.<\/mark><\/p>\n\n\n\n<hr class=\"wp-block-separator has-alpha-channel-opacity\"\/>\n\n\n\n<h2 class=\"wp-block-heading\">Comen\u00e7a a con\u00e8ixer-los i apr\u00e8n a gestionar-los<\/h2>\n\n\n\n<div class=\"wp-block-columns is-layout-flex wp-container-core-columns-is-layout-9d6595d7 wp-block-columns-is-layout-flex\">\n<div class=\"wp-block-column is-layout-flow wp-block-column-is-layout-flow\" style=\"flex-basis:25%\"><\/div>\n\n\n\n<div class=\"wp-block-column is-layout-flow wp-block-column-is-layout-flow\" style=\"flex-basis:50%\">\n<figure class=\"wp-block-embed is-type-video is-provider-youtube wp-block-embed-youtube wp-embed-aspect-16-9 wp-has-aspect-ratio\"><div class=\"wp-block-embed__wrapper\">\n<iframe loading=\"lazy\" title=\"Video incrustado\" title=\"S\u00edmptomes de l&#039;Alzheimer: Preguntes repetitives\" width=\"640\" height=\"360\" src=\"https:\/\/www.youtube.com\/embed\/UcPtmIsRmyI?list=PLoVIdcGT_hJtRCZYEI3iIk2TVMrglDLJG\" frameborder=\"0\" allow=\"accelerometer; autoplay; clipboard-write; encrypted-media; gyroscope; picture-in-picture; web-share\" referrerpolicy=\"strict-origin-when-cross-origin\" allowfullscreen><\/iframe>\n<\/div><\/figure>\n<\/div>\n\n\n\n<div class=\"wp-block-column is-layout-flow wp-block-column-is-layout-flow\" style=\"flex-basis:25%\"><\/div>\n<\/div>\n\n\n\n<p><\/p>\n\n\n\n<p class=\"has-text-align-center has-medium-font-size\" id=\"block-6f51ae51-546c-47ad-8658-c9fd894c6af3\"><em><mark style=\"background-color:rgba(0, 0, 0, 0)\" class=\"has-inline-color has-black-on-white-color\">Cada persona conviu amb els s\u00edmptomes de manera diferent. Con\u00e8ixer-los i comprendre&#8217;ls ajuda a acompanyar millor i a respondre a les seves necessitats amb empatia.<\/mark><\/em><\/p>\n\n\n\n<p class=\"has-text-align-center has-medium-font-size\" id=\"block-6f51ae51-546c-47ad-8658-c9fd894c6af3\"><mark style=\"background-color:rgba(0, 0, 0, 0)\" class=\"has-inline-color has-black-on-white-color\">Gl\u00f2ria Mas Vall-Ilosera &#8211; Neuropsic\u00f2loga. Coordinadora d&#8217;intervenci\u00f3 i capacitaci\u00f3 de l&#8217;\u00c0rea Social<\/mark><\/p>\n\n\n\n<h2 class=\"wp-block-heading\" id=\"block-e14f3679-722c-4726-8ec3-f97b97821d98\">Recorda que&#8230;<\/h2>\n\n\n\n<ul class=\"wp-block-list\">\n<li class=\"has-medium-font-size\"><mark style=\"background-color:rgba(0, 0, 0, 0)\" class=\"has-inline-color has-black-on-white-color\">No totes les persones amb un diagn\u00f2stic d&#8217;Alzheimer experimenten els mateixos s\u00edmptomes.<\/mark><\/li>\n\n\n\n<li class=\"has-medium-font-size\"><mark style=\"background-color:rgba(0, 0, 0, 0)\" class=\"has-inline-color has-black-on-white-color\">Els s\u00edmptomes psicol\u00f2gics i conductuals poden apar\u00e8ixer sovint, donar-se en qualsevol fase, en ordre diferent i amb diferent intensitat.<\/mark><\/li>\n\n\n\n<li class=\"has-medium-font-size\"><mark style=\"background-color:rgba(0, 0, 0, 0)\" class=\"has-inline-color has-black-on-white-color\">No hi ha una f\u00f3rmula que permeti saber quan es produiran, quant duraran o qu\u00e8 fer perqu\u00e8 desapareguin.<\/mark><\/li>\n<\/ul>\n\n\n\n<p id=\"block-9c3b3844-b368-4983-875f-cdb41a0fb526\"><\/p>\n\n\n\n<div class=\"wp-block-buttons is-content-justification-center is-layout-flex wp-container-core-buttons-is-layout-16018d1d wp-block-buttons-is-layout-flex\">\n<div class=\"wp-block-button\"><a class=\"wp-block-button__link wp-element-button\" href=\"https:\/\/areaalzheimer.fpmaragall.org\/wp-content\/uploads\/InfografiesSIMPTOMES_CAT_10-ConductesRepetitives.pdf\">Descarregar: Infografia Preguntes Repetitives<\/a><\/div>\n<\/div>\n\n\n\n<p id=\"block-9c3b3844-b368-4983-875f-cdb41a0fb526\"><\/p>\n\n\n\n<hr class=\"wp-block-separator has-alpha-channel-opacity\"\/>\n\n\n\n<p id=\"block-9c3b3844-b368-4983-875f-cdb41a0fb526\"><\/p>\n","protected":false},"featured_media":5881,"parent":0,"template":"","categoria-noticia":[177,202],"etiqueta":[172],"class_list":["post-5876","noticia","type-noticia","status-publish","has-post-thumbnail","hentry","categoria-noticia-alzheimer-i-cures","categoria-noticia-simptomatologia","etiqueta-simptomatologia"],"acf":[],"_links":{"self":[{"href":"https:\/\/areaalzheimer.fpmaragall.org\/ca\/wp-json\/wp\/v2\/noticia\/5876","targetHints":{"allow":["GET"]}}],"collection":[{"href":"https:\/\/areaalzheimer.fpmaragall.org\/ca\/wp-json\/wp\/v2\/noticia"}],"about":[{"href":"https:\/\/areaalzheimer.fpmaragall.org\/ca\/wp-json\/wp\/v2\/types\/noticia"}],"version-history":[{"count":5,"href":"https:\/\/areaalzheimer.fpmaragall.org\/ca\/wp-json\/wp\/v2\/noticia\/5876\/revisions"}],"predecessor-version":[{"id":6405,"href":"https:\/\/areaalzheimer.fpmaragall.org\/ca\/wp-json\/wp\/v2\/noticia\/5876\/revisions\/6405"}],"wp:featuredmedia":[{"embeddable":true,"href":"https:\/\/areaalzheimer.fpmaragall.org\/ca\/wp-json\/wp\/v2\/media\/5881"}],"wp:attachment":[{"href":"https:\/\/areaalzheimer.fpmaragall.org\/ca\/wp-json\/wp\/v2\/media?parent=5876"}],"wp:term":[{"taxonomy":"categoria-noticia","embeddable":true,"href":"https:\/\/areaalzheimer.fpmaragall.org\/ca\/wp-json\/wp\/v2\/categoria-noticia?post=5876"},{"taxonomy":"etiqueta","embeddable":true,"href":"https:\/\/areaalzheimer.fpmaragall.org\/ca\/wp-json\/wp\/v2\/etiqueta?post=5876"}],"curies":[{"name":"wp","href":"https:\/\/api.w.org\/{rel}","templated":true}]}}