{"id":5911,"date":"2025-10-10T12:38:03","date_gmt":"2025-10-10T10:38:03","guid":{"rendered":"https:\/\/areaalzheimer.fpmaragall.org\/?post_type=noticia&#038;p=5911"},"modified":"2026-01-22T11:15:00","modified_gmt":"2026-01-22T10:15:00","slug":"errors-didentificacio-simptomes-psicologics-en-lalzheimer","status":"publish","type":"noticia","link":"https:\/\/areaalzheimer.fpmaragall.org\/ca\/noticia\/errors-didentificacio-simptomes-psicologics-en-lalzheimer\/","title":{"rendered":"Errors d&#8217;identificaci\u00f3: S\u00edmptomes psicol\u00f2gics en l&#8217;Alzheimer"},"content":{"rendered":"\n<h2 class=\"wp-block-heading\">Qu\u00e8 s\u00f3n els s\u00edmptomes i quins tipus hi ha?<\/h2>\n\n\n\n<div class=\"wp-block-media-text is-stacked-on-mobile\"><figure class=\"wp-block-media-text__media\"><img loading=\"lazy\" decoding=\"async\" width=\"1024\" height=\"553\" src=\"https:\/\/areaalzheimer.fpmaragall.org\/wp-content\/uploads\/miniatures-videosSIMPTOMES-CAT_ErrorsIdentificacio-1024x553.png\" alt=\"\" class=\"wp-image-6088 size-full\" srcset=\"https:\/\/areaalzheimer.fpmaragall.org\/wp-content\/uploads\/miniatures-videosSIMPTOMES-CAT_ErrorsIdentificacio-1024x553.png 1024w, https:\/\/areaalzheimer.fpmaragall.org\/wp-content\/uploads\/miniatures-videosSIMPTOMES-CAT_ErrorsIdentificacio-300x162.png 300w, https:\/\/areaalzheimer.fpmaragall.org\/wp-content\/uploads\/miniatures-videosSIMPTOMES-CAT_ErrorsIdentificacio-768x414.png 768w, https:\/\/areaalzheimer.fpmaragall.org\/wp-content\/uploads\/miniatures-videosSIMPTOMES-CAT_ErrorsIdentificacio-1536x829.png 1536w, https:\/\/areaalzheimer.fpmaragall.org\/wp-content\/uploads\/miniatures-videosSIMPTOMES-CAT_ErrorsIdentificacio-600x324.png 600w, https:\/\/areaalzheimer.fpmaragall.org\/wp-content\/uploads\/miniatures-videosSIMPTOMES-CAT_ErrorsIdentificacio-624x337.png 624w, https:\/\/areaalzheimer.fpmaragall.org\/wp-content\/uploads\/miniatures-videosSIMPTOMES-CAT_ErrorsIdentificacio.png 1603w\" sizes=\"auto, (max-width: 1024px) 100vw, 1024px\" \/><\/figure><div class=\"wp-block-media-text__content\">\n<p><mark style=\"background-color:rgba(0, 0, 0, 0)\" class=\"has-inline-color has-black-on-white-color\">La malaltia d&#8217;Alzheimer comporta una varietat de s\u00edmptomes que no nom\u00e9s s&#8217;emmarquen a l&#8217;esfera cognitiva (com poden ser les p\u00e8rdues de mem\u00f2ria, la dificultat per mantenir l&#8217;atenci\u00f3 o per trobar determinades paraules en parlar), sin\u00f3 que tamb\u00e9 poden apar\u00e8ixer comportaments o canvis efectius i d&#8217;humor que no sempre s\u00f3n f\u00e0cils de comprendre o manejar i poden interferir en la realitzaci\u00f3 fluida de les activitats quotidianes.<\/mark><\/p>\n\n\n\n<p><mark style=\"background-color:rgba(0, 0, 0, 0)\" class=\"has-inline-color has-black-on-white-color\">Els s\u00edmptomes psicol\u00f2gics es refereixen a alteracions emocionals o de l&#8217;estat de l&#8217;\u00e0nim que poden manifestar-se de maneres diferents, com l&#8217;ansietat o l&#8217;apatia, i que tenen un impacte significatiu en la qualitat de vida tant de la persona amb Alzheimer com del seu entorn.<\/mark><\/p>\n<\/div><\/div>\n\n\n\n<hr class=\"wp-block-separator has-alpha-channel-opacity\"\/>\n\n\n\n<p class=\"has-medium-font-size\"><mark style=\"background-color:rgba(0, 0, 0, 0)\" class=\"has-inline-color has-black-on-white-color\">Els <strong>errors d&#8217;identificaci\u00f3<\/strong> tenen lloc quan, a partir d&#8217;un error perceptiu (agn\u00f2sia), es genera una comprensi\u00f3 esbiaixada que condueix a una interpretaci\u00f3 err\u00f2nia de persones, objectes o llocs.<\/mark><\/p>\n\n\n\n<hr class=\"wp-block-separator has-alpha-channel-opacity\"\/>\n\n\n\n<h2 class=\"wp-block-heading\">Comen\u00e7a a con\u00e8ixer-los i apr\u00e8n a gestionar-los<\/h2>\n\n\n\n<div class=\"wp-block-columns is-layout-flex wp-container-core-columns-is-layout-9d6595d7 wp-block-columns-is-layout-flex\">\n<div class=\"wp-block-column is-layout-flow wp-block-column-is-layout-flow\" style=\"flex-basis:25%\"><\/div>\n\n\n\n<div class=\"wp-block-column is-layout-flow wp-block-column-is-layout-flow\" style=\"flex-basis:50%\">\n<figure class=\"wp-block-embed is-type-video is-provider-youtube wp-block-embed-youtube wp-embed-aspect-16-9 wp-has-aspect-ratio\"><div class=\"wp-block-embed__wrapper\">\n<iframe loading=\"lazy\" title=\"Video incrustado\" title=\"S\u00edmptomes de l&#039;Alzheimer: Errors d&#039;identificaci\u00f3\" width=\"640\" height=\"360\" src=\"https:\/\/www.youtube.com\/embed\/p1e1UWAu774?list=PLoVIdcGT_hJtRCZYEI3iIk2TVMrglDLJG\" frameborder=\"0\" allow=\"accelerometer; autoplay; clipboard-write; encrypted-media; gyroscope; picture-in-picture; web-share\" referrerpolicy=\"strict-origin-when-cross-origin\" allowfullscreen><\/iframe>\n<\/div><\/figure>\n<\/div>\n\n\n\n<div class=\"wp-block-column is-layout-flow wp-block-column-is-layout-flow\" style=\"flex-basis:25%\"><\/div>\n<\/div>\n\n\n\n<p><\/p>\n\n\n\n<p class=\"has-text-align-center has-black-on-white-color has-text-color has-link-color has-medium-font-size wp-elements-699694237336b01d0814563c91ed0aee\"><em><mark style=\"background-color:rgba(0, 0, 0, 0)\" class=\"has-inline-color has-black-on-white-color\">Cada persona conviu amb els s\u00edmptomes de manera diferent. Con\u00e8ixer-los i comprendre&#8217;ls ajuda a acompanyar millor i a respondre a les seves necessitats amb empatia.<\/mark><\/em><\/p>\n\n\n\n<p class=\"has-text-align-center has-medium-font-size\" id=\"block-6f51ae51-546c-47ad-8658-c9fd894c6af3\"><mark style=\"background-color:rgba(0, 0, 0, 0)\" class=\"has-inline-color has-black-on-white-color\">Gl\u00f2ria Mas Vall-Ilosera &#8211; Neuropsic\u00f2loga. Coordinadora d&#8217;intervenci\u00f3 i capacitaci\u00f3 de l&#8217;\u00c0rea Social<\/mark><\/p>\n\n\n\n<h2 class=\"wp-block-heading\" id=\"block-e14f3679-722c-4726-8ec3-f97b97821d98\">Recorda que&#8230;<\/h2>\n\n\n\n<ul class=\"wp-block-list\">\n<li class=\"has-medium-font-size\"><mark style=\"background-color:rgba(0, 0, 0, 0)\" class=\"has-inline-color has-black-on-white-color\">No totes les persones amb un diagn\u00f2stic d&#8217;Alzheimer experimenten els mateixos s\u00edmptomes.<\/mark><\/li>\n\n\n\n<li class=\"has-medium-font-size\"><mark style=\"background-color:rgba(0, 0, 0, 0)\" class=\"has-inline-color has-black-on-white-color\">Els s\u00edmptomes psicol\u00f2gics i conductuals poden apar\u00e8ixer sovint, donar-se en qualsevol fase, en ordre diferent i amb diferent intensitat.<\/mark><\/li>\n\n\n\n<li class=\"has-medium-font-size\"><mark style=\"background-color:rgba(0, 0, 0, 0)\" class=\"has-inline-color has-black-on-white-color\">No hi ha una f\u00f3rmula que permeti saber quan es produiran, quant duraran o qu\u00e8 fer perqu\u00e8 desapareguin.<\/mark><\/li>\n<\/ul>\n\n\n\n<p id=\"block-9c3b3844-b368-4983-875f-cdb41a0fb526\"><\/p>\n\n\n\n<div class=\"wp-block-buttons is-content-justification-center is-layout-flex wp-container-core-buttons-is-layout-16018d1d wp-block-buttons-is-layout-flex\">\n<div class=\"wp-block-button\"><a class=\"wp-block-button__link wp-element-button\" href=\"https:\/\/areaalzheimer.fpmaragall.org\/wp-content\/uploads\/InfografiesSIMPTOMES_CAT_06-ErrorsIdentificacio.pdf\">Descarregar: Infografia Errors Identificaci\u00f3<\/a><\/div>\n<\/div>\n\n\n\n<p id=\"block-9c3b3844-b368-4983-875f-cdb41a0fb526\"><\/p>\n\n\n\n<hr class=\"wp-block-separator has-alpha-channel-opacity\"\/>\n\n\n\n<p><\/p>\n","protected":false},"featured_media":5913,"parent":0,"template":"","categoria-noticia":[177,202],"etiqueta":[172],"class_list":["post-5911","noticia","type-noticia","status-publish","has-post-thumbnail","hentry","categoria-noticia-alzheimer-i-cures","categoria-noticia-simptomatologia","etiqueta-simptomatologia"],"acf":[],"_links":{"self":[{"href":"https:\/\/areaalzheimer.fpmaragall.org\/ca\/wp-json\/wp\/v2\/noticia\/5911","targetHints":{"allow":["GET"]}}],"collection":[{"href":"https:\/\/areaalzheimer.fpmaragall.org\/ca\/wp-json\/wp\/v2\/noticia"}],"about":[{"href":"https:\/\/areaalzheimer.fpmaragall.org\/ca\/wp-json\/wp\/v2\/types\/noticia"}],"version-history":[{"count":5,"href":"https:\/\/areaalzheimer.fpmaragall.org\/ca\/wp-json\/wp\/v2\/noticia\/5911\/revisions"}],"predecessor-version":[{"id":6406,"href":"https:\/\/areaalzheimer.fpmaragall.org\/ca\/wp-json\/wp\/v2\/noticia\/5911\/revisions\/6406"}],"wp:featuredmedia":[{"embeddable":true,"href":"https:\/\/areaalzheimer.fpmaragall.org\/ca\/wp-json\/wp\/v2\/media\/5913"}],"wp:attachment":[{"href":"https:\/\/areaalzheimer.fpmaragall.org\/ca\/wp-json\/wp\/v2\/media?parent=5911"}],"wp:term":[{"taxonomy":"categoria-noticia","embeddable":true,"href":"https:\/\/areaalzheimer.fpmaragall.org\/ca\/wp-json\/wp\/v2\/categoria-noticia?post=5911"},{"taxonomy":"etiqueta","embeddable":true,"href":"https:\/\/areaalzheimer.fpmaragall.org\/ca\/wp-json\/wp\/v2\/etiqueta?post=5911"}],"curies":[{"name":"wp","href":"https:\/\/api.w.org\/{rel}","templated":true}]}}