{"id":6340,"date":"2025-11-28T11:14:42","date_gmt":"2025-11-28T10:14:42","guid":{"rendered":"https:\/\/areaalzheimer.fpmaragall.org\/?post_type=noticia&#038;p=6340"},"modified":"2025-12-01T10:35:16","modified_gmt":"2025-12-01T09:35:16","slug":"plenament-actives","status":"publish","type":"noticia","link":"https:\/\/areaalzheimer.fpmaragall.org\/ca\/noticia\/plenament-actives\/","title":{"rendered":"Acompanyament a persones amb diagn\u00f2stic d\u2019Alzheimer"},"content":{"rendered":"\n<h2 class=\"wp-block-heading\">Plenament Actives: Donant un nou sentit al diagn\u00f2stic d\u2019Alzheimer<\/h2>\n\n\n\n<div class=\"wp-block-media-text is-stacked-on-mobile is-image-fill-element\" style=\"grid-template-columns:25% auto\"><figure class=\"wp-block-media-text__media\"><img loading=\"lazy\" decoding=\"async\" width=\"1024\" height=\"683\" src=\"https:\/\/areaalzheimer.fpmaragall.org\/wp-content\/uploads\/DSC05818-1-1024x683.jpg\" alt=\"\" class=\"wp-image-6328 size-full\" style=\"object-position:77% 50%\" srcset=\"https:\/\/areaalzheimer.fpmaragall.org\/wp-content\/uploads\/DSC05818-1-1024x683.jpg 1024w, https:\/\/areaalzheimer.fpmaragall.org\/wp-content\/uploads\/DSC05818-1-300x200.jpg 300w, https:\/\/areaalzheimer.fpmaragall.org\/wp-content\/uploads\/DSC05818-1-768x512.jpg 768w, https:\/\/areaalzheimer.fpmaragall.org\/wp-content\/uploads\/DSC05818-1-1536x1024.jpg 1536w, https:\/\/areaalzheimer.fpmaragall.org\/wp-content\/uploads\/DSC05818-1-2048x1365.jpg 2048w, https:\/\/areaalzheimer.fpmaragall.org\/wp-content\/uploads\/DSC05818-1-600x400.jpg 600w, https:\/\/areaalzheimer.fpmaragall.org\/wp-content\/uploads\/DSC05818-1-624x416.jpg 624w\" sizes=\"auto, (max-width: 1024px) 100vw, 1024px\" \/><\/figure><div class=\"wp-block-media-text__content\">\n<p class=\"has-medium-font-size\"><span style=\"font-weight: 400;\"><mark style=\"background-color:rgba(0, 0, 0, 0)\" class=\"has-inline-color has-black-on-white-color\">El programa d\u2019intervenci\u00f3 psicol\u00f2gica grupal Plenament Actives sorgeix amb la voluntat de millorar la qualitat de vida de les persones que viuen amb un diagn\u00f2stic d\u2019Alzheimer. Combina la transmissi\u00f3 d\u2019informaci\u00f3 amb din\u00e0miques que afavoreixen l\u2019intercanvi i la cohesi\u00f3 entre els participants del grup. Plenament Actives est\u00e0 pensat per acompanyar a les persones que es troben a les<\/mark><\/span><b><mark style=\"background-color:rgba(0, 0, 0, 0)\" class=\"has-inline-color has-black-on-white-color\"> primeres fases de simptomatologia de l\u2019Alzheimer i tenen consci\u00e8ncia de la seva malaltia.<\/mark><\/b><\/p>\n\n\n\n<p class=\"has-medium-font-size\"><mark style=\"background-color:rgba(0, 0, 0, 0)\" class=\"has-inline-color has-black-on-white-color\">Abans de comen\u00e7ar el programa, es realitza una <strong>breu valoraci\u00f3 cognitiva<\/strong> per determinar si la intervenci\u00f3 s\u2019ajusta a les necessitats de cada participant.<\/mark><\/p>\n\n\n\n<p class=\"has-medium-font-size\"><span style=\"font-weight: 400;\"><mark style=\"background-color:rgba(0, 0, 0, 0)\" class=\"has-inline-color has-black-on-white-color\">Actualment, la intervenci\u00f3 grupal s\u2019est\u00e0 duent a terme a la <strong>seu de la Fundaci\u00f3 Pasqual Maragall a Barcelona <\/strong>(C\/ Wellington, 30).<\/mark><\/span><\/p>\n<\/div><\/div>\n\n\n\n<div style=\"height:21px\" aria-hidden=\"true\" class=\"wp-block-spacer\"><\/div>\n\n\n\n<hr class=\"wp-block-separator has-alpha-channel-opacity\"\/>\n\n\n\n<div class=\"wp-block-columns is-layout-flex wp-container-core-columns-is-layout-9d6595d7 wp-block-columns-is-layout-flex\">\n<div class=\"wp-block-column is-layout-flow wp-block-column-is-layout-flow\">\n<div class=\"wp-block-cover is-light has-white-on-black-color has-text-color has-link-color wp-elements-52810c5a55a3f82f867bb89b0f6075ad\" style=\"min-height:281px;aspect-ratio:unset;\"><img loading=\"lazy\" decoding=\"async\" width=\"1024\" height=\"683\" class=\"wp-block-cover__image-background wp-image-6324 size-large\" alt=\"\" src=\"https:\/\/areaalzheimer.fpmaragall.org\/wp-content\/uploads\/DSC05629-1024x683.jpg\" data-object-fit=\"cover\" srcset=\"https:\/\/areaalzheimer.fpmaragall.org\/wp-content\/uploads\/DSC05629-1024x683.jpg 1024w, https:\/\/areaalzheimer.fpmaragall.org\/wp-content\/uploads\/DSC05629-300x200.jpg 300w, https:\/\/areaalzheimer.fpmaragall.org\/wp-content\/uploads\/DSC05629-768x512.jpg 768w, https:\/\/areaalzheimer.fpmaragall.org\/wp-content\/uploads\/DSC05629-1536x1024.jpg 1536w, https:\/\/areaalzheimer.fpmaragall.org\/wp-content\/uploads\/DSC05629-2048x1365.jpg 2048w, https:\/\/areaalzheimer.fpmaragall.org\/wp-content\/uploads\/DSC05629-600x400.jpg 600w, https:\/\/areaalzheimer.fpmaragall.org\/wp-content\/uploads\/DSC05629-624x416.jpg 624w\" sizes=\"auto, (max-width: 1024px) 100vw, 1024px\" \/><span aria-hidden=\"true\" class=\"wp-block-cover__background has-background-dim-80 has-background-dim\" style=\"background-color:#709759\"><\/span><div class=\"wp-block-cover__inner-container is-layout-constrained wp-block-cover-is-layout-constrained\">\n<p class=\"has-text-align-center\" style=\"font-size:26px\"><span style=\"font-weight: 400;\"><mark style=\"background-color:rgba(0, 0, 0, 0);color:#f9f9f9\" class=\"has-inline-color\">Sessions gratu\u00eftes dirigides per una psic\u00f2loga<\/mark><\/span><\/p>\n<\/div><\/div>\n<\/div>\n\n\n\n<div class=\"wp-block-column is-layout-flow wp-block-column-is-layout-flow\">\n<div class=\"wp-block-cover is-light\" style=\"min-height:281px;aspect-ratio:unset;\"><img loading=\"lazy\" decoding=\"async\" width=\"1024\" height=\"683\" class=\"wp-block-cover__image-background wp-image-6318 size-large\" alt=\"\" src=\"https:\/\/areaalzheimer.fpmaragall.org\/wp-content\/uploads\/DSC05592-1024x683.jpg\" data-object-fit=\"cover\" srcset=\"https:\/\/areaalzheimer.fpmaragall.org\/wp-content\/uploads\/DSC05592-1024x683.jpg 1024w, https:\/\/areaalzheimer.fpmaragall.org\/wp-content\/uploads\/DSC05592-300x200.jpg 300w, https:\/\/areaalzheimer.fpmaragall.org\/wp-content\/uploads\/DSC05592-768x512.jpg 768w, https:\/\/areaalzheimer.fpmaragall.org\/wp-content\/uploads\/DSC05592-1536x1024.jpg 1536w, https:\/\/areaalzheimer.fpmaragall.org\/wp-content\/uploads\/DSC05592-2048x1365.jpg 2048w, https:\/\/areaalzheimer.fpmaragall.org\/wp-content\/uploads\/DSC05592-600x400.jpg 600w, https:\/\/areaalzheimer.fpmaragall.org\/wp-content\/uploads\/DSC05592-624x416.jpg 624w\" sizes=\"auto, (max-width: 1024px) 100vw, 1024px\" \/><span aria-hidden=\"true\" class=\"wp-block-cover__background has-background-dim-80 has-background-dim\" style=\"background-color:#709759\"><\/span><div class=\"wp-block-cover__inner-container is-layout-constrained wp-block-cover-is-layout-constrained\">\n<p class=\"has-text-align-center\" style=\"font-size:26px\"><span style=\"font-weight: 400;\"><mark style=\"background-color:rgba(0, 0, 0, 0);color:#f9f9f9\" class=\"has-inline-color\">Grups redu\u00efts de 6 persones<\/mark><\/span><\/p>\n<\/div><\/div>\n<\/div>\n\n\n\n<div class=\"wp-block-column is-layout-flow wp-block-column-is-layout-flow\">\n<div class=\"wp-block-cover is-light\" style=\"min-height:281px;aspect-ratio:unset;\"><img loading=\"lazy\" decoding=\"async\" width=\"1024\" height=\"683\" class=\"wp-block-cover__image-background wp-image-6330 size-large\" alt=\"\" src=\"https:\/\/areaalzheimer.fpmaragall.org\/wp-content\/uploads\/DSC05800-1024x683.jpg\" data-object-fit=\"cover\" srcset=\"https:\/\/areaalzheimer.fpmaragall.org\/wp-content\/uploads\/DSC05800-1024x683.jpg 1024w, https:\/\/areaalzheimer.fpmaragall.org\/wp-content\/uploads\/DSC05800-300x200.jpg 300w, https:\/\/areaalzheimer.fpmaragall.org\/wp-content\/uploads\/DSC05800-768x512.jpg 768w, https:\/\/areaalzheimer.fpmaragall.org\/wp-content\/uploads\/DSC05800-1536x1024.jpg 1536w, https:\/\/areaalzheimer.fpmaragall.org\/wp-content\/uploads\/DSC05800-2048x1365.jpg 2048w, https:\/\/areaalzheimer.fpmaragall.org\/wp-content\/uploads\/DSC05800-600x400.jpg 600w, https:\/\/areaalzheimer.fpmaragall.org\/wp-content\/uploads\/DSC05800-624x416.jpg 624w\" sizes=\"auto, (max-width: 1024px) 100vw, 1024px\" \/><span aria-hidden=\"true\" class=\"wp-block-cover__background has-background-dim-80 has-background-dim\" style=\"background-color:#709759\"><\/span><div class=\"wp-block-cover__inner-container is-layout-constrained wp-block-cover-is-layout-constrained\">\n<p class=\"has-text-align-center\" style=\"font-size:26px\"><span style=\"font-weight: 400;\"><mark style=\"background-color:rgba(0, 0, 0, 0);color:#f9f9f9\" class=\"has-inline-color\">8 sessions d\u20191 h amb freq\u00fc\u00e8ncia setmanal<\/mark><\/span><\/p>\n<\/div><\/div>\n<\/div>\n<\/div>\n\n\n\n<hr class=\"wp-block-separator has-alpha-channel-opacity\"\/>\n\n\n\n<p class=\".wp-block-table td { text-align: center; } has-medium-font-size\"><mark style=\"background-color:rgba(0, 0, 0, 0)\" class=\"has-inline-color has-black-on-white-color\">El programa t\u00e9 per objectiu millorar el <strong>benestar emocional i acompanyar en la reflexi\u00f3, planificaci\u00f3 i presa de decisions<\/strong> actives de les persones que viuen amb aquest diagn\u00f2stic. Al llarg de les sessions es pret\u00e9n oferir una comprensi\u00f3 m\u00e9s profunda de la malaltia d\u2019Alzheimer, promoure actituds i h\u00e0bits que afavoreixin el benestar f\u00edsic i mental, i informar sobre els tractaments no farmacol\u00f2gics disponibles, aix\u00ed com els recursos socials i legals al seu abast. Al mateix temps, es treballa per enfortir la identitat personal, els valors i el prop\u00f2sit de vida, impulsant processos d\u2019autoconeixement que afavoreixin una participaci\u00f3 activa a la vida social i comunit\u00e0ria.<\/mark><\/p>\n\n\n\n<div style=\"height:21px\" aria-hidden=\"true\" class=\"wp-block-spacer\"><\/div>\n\n\n\n<hr class=\"wp-block-separator has-alpha-channel-opacity\"\/>\n\n\n\n<h2 class=\"wp-block-heading has-text-align-center\"><em><b><mark style=\"background-color:rgba(0, 0, 0, 0)\" class=\"has-inline-color has-black-on-white-color\">\u00bfVols participar?<\/mark><\/b><\/em><\/h2>\n\n\n\n<p class=\"has-text-align-center has-medium-font-size\"><span style=\"font-weight: 400;\"><mark style=\"background-color:rgba(0, 0, 0, 0)\" class=\"has-inline-color has-black-on-white-color\">Si t\u2019interessa participar en el programa, completa el seg\u00fcent <\/mark><\/span><strong><mark style=\"background-color:rgba(0, 0, 0, 0)\" class=\"has-inline-color has-black-on-white-color\">formulari<\/mark><\/strong><span style=\"font-weight: 400;\"><mark style=\"background-color:rgba(0, 0, 0, 0)\" class=\"has-inline-color has-black-on-white-color\"><strong>.<\/strong> L\u2019equip de la Fundaci\u00f3 Pasqual Maragall es posar\u00e0 en contacte amb tu per oferir-te m\u00e9s detalls sobre la participaci\u00f3.<\/mark><\/span><\/p>\n\n\n\n<div class=\"wp-block-buttons wp-embed-aspect-16-9 wp-has-aspect-ratio is-content-justification-center is-layout-flex wp-container-core-buttons-is-layout-16018d1d wp-block-buttons-is-layout-flex\">\n<div class=\"wp-block-button\"><a class=\"wp-block-button__link has-custom-font-size wp-element-button\" href=\"https:\/\/forms.office.com\/pages\/responsepage.aspx?id=GJVBE68uO0q0A1QSxP0lf8ETiKGVksFDlrGM_UBhWvxUMkI2RUpCTExFTzI5SzRNUDlYSk1BSUZBTy4u&amp;route=shorturl\" style=\"font-size:26px\" target=\"_blank\" rel=\"noopener\">Inscriu-te<\/a><\/div>\n<\/div>\n\n\n\n<p class=\"has-text-align-center\"><\/p>\n","protected":false},"featured_media":6326,"parent":0,"template":"","categoria-noticia":[209],"etiqueta":[126,132,279,140],"class_list":["post-6340","noticia","type-noticia","status-publish","has-post-thumbnail","hentry","categoria-noticia-recursos-ca","etiqueta-alzheimer-i-altres-demencies","etiqueta-autonomia-2","etiqueta-benestar-ca","etiqueta-cures"],"acf":[],"_links":{"self":[{"href":"https:\/\/areaalzheimer.fpmaragall.org\/ca\/wp-json\/wp\/v2\/noticia\/6340","targetHints":{"allow":["GET"]}}],"collection":[{"href":"https:\/\/areaalzheimer.fpmaragall.org\/ca\/wp-json\/wp\/v2\/noticia"}],"about":[{"href":"https:\/\/areaalzheimer.fpmaragall.org\/ca\/wp-json\/wp\/v2\/types\/noticia"}],"version-history":[{"count":2,"href":"https:\/\/areaalzheimer.fpmaragall.org\/ca\/wp-json\/wp\/v2\/noticia\/6340\/revisions"}],"predecessor-version":[{"id":6343,"href":"https:\/\/areaalzheimer.fpmaragall.org\/ca\/wp-json\/wp\/v2\/noticia\/6340\/revisions\/6343"}],"wp:featuredmedia":[{"embeddable":true,"href":"https:\/\/areaalzheimer.fpmaragall.org\/ca\/wp-json\/wp\/v2\/media\/6326"}],"wp:attachment":[{"href":"https:\/\/areaalzheimer.fpmaragall.org\/ca\/wp-json\/wp\/v2\/media?parent=6340"}],"wp:term":[{"taxonomy":"categoria-noticia","embeddable":true,"href":"https:\/\/areaalzheimer.fpmaragall.org\/ca\/wp-json\/wp\/v2\/categoria-noticia?post=6340"},{"taxonomy":"etiqueta","embeddable":true,"href":"https:\/\/areaalzheimer.fpmaragall.org\/ca\/wp-json\/wp\/v2\/etiqueta?post=6340"}],"curies":[{"name":"wp","href":"https:\/\/api.w.org\/{rel}","templated":true}]}}